{"id":7103,"date":"2023-12-11T20:27:59","date_gmt":"2023-12-11T19:27:59","guid":{"rendered":"https:\/\/www.waterholistic.com\/2023\/12\/11\/plan-obnovy-pre-kosicky-kraj\/"},"modified":"2024-02-01T15:27:24","modified_gmt":"2024-02-01T14:27:24","slug":"plan-obnovy-pre-kosicky-kraj","status":"publish","type":"post","link":"https:\/\/www.waterholistic.com\/sk\/2023\/12\/11\/plan-obnovy-pre-kosicky-kraj\/","title":{"rendered":"Pl\u00e1n obnovy pre Ko\u0161ick\u00fd kraj"},"content":{"rendered":"\n\n[et_pb_section fb_built=&#8221;1&#8243; _builder_version=&#8221;4.0.10&#8243; global_colors_info=&#8221;{}&#8221;][et_pb_row _builder_version=&#8221;4.0.10&#8243; global_colors_info=&#8221;{}&#8221;][et_pb_column type=&#8221;4_4&#8243; _builder_version=&#8221;4.0.10&#8243; global_colors_info=&#8221;{}&#8221;][et_pb_image src=&#8221;https:\/\/www.waterholistic.com\/wp-content\/uploads\/2023\/01\/rotorKSK-EN-scaled-1.jpg&#8221; _builder_version=&#8221;4.0.10&#8243; global_colors_info=&#8221;{}&#8221;][\/et_pb_image][\/et_pb_column][\/et_pb_row][et_pb_row _builder_version=&#8221;4.0.10&#8243; global_colors_info=&#8221;{}&#8221;][et_pb_column type=&#8221;4_4&#8243; _builder_version=&#8221;4.0.10&#8243; global_colors_info=&#8221;{}&#8221;][et_pb_text _builder_version=&#8221;4.9.0&#8243; text_font=&#8221;Signika||||||||&#8221; text_font_size=&#8221;15px&#8221; global_colors_info=&#8221;{}&#8221;]<p>Program obnovy krajiny Ko\u0161ick\u00e9ho kraja je zameran\u00fd na obnovu krajiny a revitaliz\u00e1ciu vodn\u00fdch zdrojov a povod\u00ed, \u010do vedie k hospod\u00e1rskej obnove. Pl\u00e1n obnovy zaru\u010d\u00ed do desiatich rokov vodn\u00fa, potravinov\u00fa, environment\u00e1lnu a klimatick\u00fa bezpe\u010dnos\u0165 na region\u00e1lnej \u00farovni.<\/p>\r\n<p>Z\u00e1sobovanie vodou v Ko\u0161ickom kraji na Slovensku je v s\u00fa\u010dasnosti obmedzen\u00e9 a neposta\u010duje jeho dlhodob\u00fdm potreb\u00e1m. Pozemkov\u00e9 \u00fapravy a zmeny \u0161trukt\u00fary krajiny po\u0161kodili hydrologick\u00fa funkciu ekosyst\u00e9mov. Najm\u00e4 vo V\u00fdchodoslovenskej n\u00ed\u017eine, na Above, Spi\u0161i a Gemeri s\u00fa zdokumentovan\u00e9 \u010dasov\u00e9 a priestorov\u00e9 zmeny v rozlo\u017een\u00ed zr\u00e1\u017eok. Tak\u00e9to zmeny zr\u00e1\u017eok sa prejavuj\u00fa zv\u00fd\u0161en\u00fdm v\u00fdskytom pr\u00edvalov\u00fdch da\u017e\u010fov a predl\u017eovan\u00edm bezzr\u00e1\u017ekov\u00fdch obdob\u00ed, pri\u010dom sa vytv\u00e1raj\u00fa ve\u013ek\u00e9 teplotn\u00e9 ostrovy. Lok\u00e1lne pr\u00edvalov\u00e9 da\u017ede maj\u00fa za n\u00e1sledok z\u00e1plavy, zatia\u013e \u010do obdobia bez da\u017e\u010fa sp\u00f4sobuj\u00fa sucho. Sucho prevl\u00e1da na jar a na jese\u0148. Extr\u00e9mne pr\u00edvalov\u00e9 da\u017ede sa zvykn\u00fa vyskytova\u0165 od m\u00e1ja do konca leta nieko\u013ekokr\u00e1t.<\/p>[\/et_pb_text][et_pb_button button_url=&#8221;@ET-DC@eyJkeW5hbWljIjp0cnVlLCJjb250ZW50IjoicG9zdF9saW5rX3VybF9hdHRhY2htZW50Iiwic2V0dGluZ3MiOnsicG9zdF9pZCI6IjIzMzgifX0=@&#8221; button_text=&#8221;STIAHNU\u0164&#8221; button_alignment=&#8221;center&#8221; _builder_version=&#8221;4.9.0&#8243; _dynamic_attributes=&#8221;button_url&#8221; _module_preset=&#8221;default&#8221; custom_button=&#8221;on&#8221; button_text_color=&#8221;#ffffff&#8221; button_bg_color=&#8221;#100eff&#8221; button_border_width=&#8221;1px&#8221; button_border_color=&#8221;#100eff&#8221; button_border_radius=&#8221;50px&#8221; button_font=&#8221;Signika||||||||&#8221; custom_margin=&#8221;||35px|||&#8221; global_colors_info=&#8221;{}&#8221;][\/et_pb_button][et_pb_image src=&#8221;https:\/\/www.waterholistic.com\/wp-content\/uploads\/2022\/05\/Screenshot-2021-02-19-at-22.43.07.jpg&#8221; _builder_version=&#8221;4.0.10&#8243; global_colors_info=&#8221;{}&#8221;][\/et_pb_image][et_pb_text _builder_version=&#8221;4.9.0&#8243; text_font=&#8221;Signika||||||||&#8221; text_font_size=&#8221;15px&#8221; global_colors_info=&#8221;{}&#8221;]<p>Zv\u00fd\u0161en\u00e9 riziko sucha si vy\u017eaduje okam\u017eit\u00fa pozornos\u0165. V\u00fdzvou Ko\u0161ick\u00e9ho kraja je pru\u017ene reagova\u0165 na zmenu kl\u00edmy optim\u00e1lnym vyu\u017e\u00edvan\u00edm krajiny. Naj\u00fa\u010dinnej\u0161\u00edm rie\u0161en\u00edm je ekosyst\u00e9mov\u00e1 obnova z\u00e1sob vody v po\u0161kodenej a vysu\u0161enej krajine, zadr\u017eiavanie da\u017e\u010fovej vody, spomalenie jej odtoku a infiltr\u00e1cie, \u010do n\u00e1sledne zabr\u00e1ni povodniam. Integrovan\u00e9 hospod\u00e1renie s vodou a vyu\u017e\u00edvan\u00edm krajiny zabezpe\u010d\u00ed primeran\u00e9 z\u00e1sobovanie vodou a odolnos\u0165 pre \u013eud\u00ed, pr\u00edrodu a potravinov\u00fa bezpe\u010dnos\u0165.<\/p>[\/et_pb_text][et_pb_image src=&#8221;https:\/\/www.waterholistic.com\/wp-content\/uploads\/2021\/02\/147667371_3679292915482528_1306144990924827042_o-2.jpg&#8221; _builder_version=&#8221;4.0.10&#8243; global_colors_info=&#8221;{}&#8221;][\/et_pb_image][et_pb_text _builder_version=&#8221;4.9.0&#8243; text_font=&#8221;Signika||||||||&#8221; text_font_size=&#8221;15px&#8221; custom_padding=&#8221;||0px|||&#8221; global_colors_info=&#8221;{}&#8221;]<p>Pre pribl\u00ed\u017eenie ve\u013ekosti je Ko\u0161ick\u00fd kraj porovnate\u013en\u00fd s Delawarom a Rhode Islandom dohromady. Regi\u00f3n s rozlohou necel\u00fdch 7000 km2 a 800-tis\u00edc obyvate\u013emi m\u00e1 amb\u00edciu obnovi\u0165 po\u0161koden\u00fa krajinu zv\u00fd\u0161en\u00edm kapacity ekosyst\u00e9mu na zadr\u017eiavanie vody o 60 mil. m3. Obnovou sa obnovia pr\u00edrodn\u00e9 zdroje, ako s\u00fa voda, potraviny a biodiverzita, rehabilituje sa kl\u00edma a zmiernia sa v\u00fdkyvy po\u010dasia. Zlep\u0161enie z\u00e1sob vody obnov\u00ed \u00farodnos\u0165 p\u00f4dy. Obnoven\u00e1 biodiverzita podpor\u00ed odolnos\u0165 krajiny vo\u010di invaz\u00edvnym rastlinn\u00fdm a \u017eivo\u010d\u00ed\u0161nym druhom a pandemick\u00fdm chorob\u00e1m do desiatich rokov.<\/p>[\/et_pb_text][et_pb_image src=&#8221;https:\/\/www.waterholistic.com\/wp-content\/uploads\/2022\/05\/pole.jpg&#8221; _builder_version=&#8221;4.0.10&#8243; global_colors_info=&#8221;{}&#8221;][\/et_pb_image][et_pb_text _builder_version=&#8221;4.9.0&#8243; text_font=&#8221;Signika||||||||&#8221; text_font_size=&#8221;15px&#8221; global_colors_info=&#8221;{}&#8221;]<p>Iniciat\u00edva Ko\u0161ick\u00e9ho kraja je motivovan\u00e1 rezol\u00faciou OSN 73\/284, ktor\u00e1 vyhl\u00e1sila roky 2021-2030 za Dek\u00e1du obnovy a revitaliz\u00e1cie ekosyst\u00e9mov. &#8220;Politick\u00e9 vedenie Ko\u0161ick\u00e9ho kraja si plne uvedomuje z\u00e1va\u017enos\u0165 glob\u00e1lnych riz\u00edk pre bezpe\u010dnos\u0165 sveta. Preto na znak podpory rezol\u00facie OSN sp\u00fa\u0161\u0165ame Program obnovy Ko\u0161ick\u00e9ho kraja. Namiesto toho, aby sme \u010dakali na alternat\u00edvne rie\u0161enia in\u00fdch, zav\u00e4zujeme sa prispie\u0165 k lep\u0161iemu, zdrav\u0161iemu a klimaticky bezpe\u010dn\u00e9mu svetu,&#8221; hovor\u00ed Michal Krav\u010d\u00edk, autor iniciat\u00edvy obnovy a nosite\u013e Goldmanovej environment\u00e1lnej ceny za rok 1999.<\/p>[\/et_pb_text][\/et_pb_column][\/et_pb_row][et_pb_row _builder_version=&#8221;4.9.0&#8243; global_colors_info=&#8221;{}&#8221;][et_pb_column type=&#8221;4_4&#8243; _builder_version=&#8221;4.0.10&#8243; global_colors_info=&#8221;{}&#8221;][et_pb_image src=&#8221;https:\/\/www.waterholistic.com\/wp-content\/uploads\/2021\/08\/gazdovsky-dom.jpg&#8221; title_text=&#8221;gazdovsky-dom&#8221; _builder_version=&#8221;4.9.0&#8243; global_colors_info=&#8221;{}&#8221;][\/et_pb_image][\/et_pb_column][\/et_pb_row][et_pb_row _builder_version=&#8221;4.0.10&#8243; global_colors_info=&#8221;{}&#8221;][et_pb_column type=&#8221;4_4&#8243; _builder_version=&#8221;4.0.10&#8243; global_colors_info=&#8221;{}&#8221;][et_pb_text _builder_version=&#8221;4.9.0&#8243; text_font=&#8221;Signika||||||||&#8221; text_text_color=&#8221;#000000&#8243; text_font_size=&#8221;15px&#8221; global_colors_info=&#8221;{}&#8221;]<p>Cie\u013eom ko\u0161ickej region\u00e1lnej samospr\u00e1vy je zmierni\u0165 v\u00fdkyvy po\u010dasia, zn\u00ed\u017ei\u0165 region\u00e1lne teploty, zlep\u0161i\u0165 \u00farodnos\u0165 p\u00f4dy a zv\u00fd\u0161i\u0165 z\u00e1soby vodn\u00fdch zdrojov. Invest\u00edcia vo v\u00fd\u0161ke 410 mili\u00f3nov eur vytvor\u00ed 3 000 nov\u00fdch ekologick\u00fdch pracovn\u00fdch miest. M\u00e1 sa vr\u00e1ti\u0165 do 10 rokov a z\u00e1rove\u0148 ulo\u017ei\u0165 do biomasy a p\u00f4dy to\u013eko uhl\u00edka, ko\u013eko regi\u00f3n vyprodukuje. Program podporil predseda ko\u0161ickej krajskej samospr\u00e1vy Rastislav Trnka a jednomyse\u013ene ho schv\u00e1lili v\u0161etci pr\u00edtomn\u00ed poslanci krajsk\u00e9ho parlamentu.<\/p>\r\n<p>The restoration initiative background remarks several goals:<\/p>\r\n<ol>\r\n<li>Integrovan\u00e9 hospod\u00e1renie s vodou a vyu\u017e\u00edvan\u00edm p\u00f4dy zv\u00fd\u0161i z\u00e1soby vody v krajine.<\/li>\r\n<li>Voda, p\u00f4da a energia s\u00fa z\u00e1kladom ka\u017edej komunity, regi\u00f3nu a krajiny. Tieto tri zdroje v\u017edy zabezpe\u010duj\u00fa pre\u017eitie \u013eud\u00ed v ka\u017edom k\u00fate sveta.<\/li>\r\n<li>\r\n<p>Trojuholn\u00edk Voda &#8211; Energia &#8211; Potraviny (WEF) pri\u0165ahuje ve\u013ek\u00fa pozornos\u0165 ekon\u00f3mov a v\u00fdskumn\u00edkov na celom svete ako v\u00fdzva na rie\u0161enie probl\u00e9mov hospod\u00e1rskeho rastu s\u00favisiacich s vodou, energiou a potravinami. V roku 2011 Svetov\u00e9 ekonomick\u00e9 f\u00f3rum uverejnilo spr\u00e1vu s n\u00e1zvom &#8220;Voda &#8211; bezpe\u010dnos\u0165: v ktorej sa zd\u00f4raz\u0148uje, \u017ee integrovan\u00fd pr\u00edstup k vode, energii a potravin\u00e1m m\u00f4\u017ee zv\u00fd\u0161i\u0165 bezpe\u010dnos\u0165 zdrojov, efekt\u00edvnos\u0165, zn\u00ed\u017ei\u0165 chudobu a zlep\u0161i\u0165 hospod\u00e1renie so zdrojmi vo v\u0161etk\u00fdch sektoroch.<\/p>\r\n<\/li>\r\n<li>Na dosiahnutie udr\u017eate\u013en\u00e9ho prepojenia vody, energie a potrav\u00edn musia v\u0161etci pr\u00edrodovedci, humanitn\u00ed vedci a sociol\u00f3govia spoji\u0165 svoje \u00fasilie pri rie\u0161en\u00ed probl\u00e9mov. Pl\u00e1n obnovy Ko\u0161\u00edc m\u00e1 amb\u00edciu poskytn\u00fa\u0165 integrovan\u00fd politick\u00fd pr\u00edstup. Vyz\u00fdvame ostatn\u00fdch, aby sprev\u00e1dzali iniciat\u00edvu Ko\u0161ick\u00e9ho samospr\u00e1vneho kraja.<\/li>\r\n<li>Pl\u00e1n obnovy krajiny Ko\u0161ick\u00e9ho kraja chce pribl\u00ed\u017ei\u0165 t\u00e9my ako voda, energia a potraviny, po\u010dasie, zmena kl\u00edmy a biodiverzita. Chceme n\u00e1js\u0165 rie\u0161enia pr\u00edstupu WEF, preto\u017ee zmena kl\u00edmy ovplyv\u0148uje v\u0161etky f\u00e1zy: vodu pre sm\u00e4dn\u00fd svet, \u00farodnos\u0165 p\u00f4dy, extr\u00e9mne teplo a pr\u00edrodn\u00e9 katastrofy.<\/li>\r\n<li>Integra\u010dn\u00e9 politiky pre vodu, energiu, potraviny a biodiverzitu je potrebn\u00e9 definova\u0165 a presadzova\u0165 na akejko\u013evek \u00farovni verejnej politiky. Trojica t\u00fdchto komod\u00edt bude limituj\u00facim faktorom pre ak\u00fdko\u013evek rozvoj a pre\u017eitie \u013eudstva.<\/li>\r\n<li>\u010coraz v\u00e4\u010d\u0161ou v\u00fdzvou je zahrnutie zdravia, \u017eivotn\u00e9ho prostredia, obchodu, biodiverzity a medzin\u00e1rodnej pomoci, \u010do prin\u00e1\u0161a e\u0161te vy\u0161\u0161iu \u00farove\u0148 integr\u00e1cie a platn\u00fd z\u00e1klad pre strategick\u00e9 rozhodovanie. Pl\u00e1nom Programu obnovy krajiny Ko\u0161ick\u00e9ho kraja chceme dosiahnu\u0165 udr\u017eate\u013en\u00e9 hospod\u00e1renie s pr\u00edrodn\u00fdmi zdrojmi pre bud\u00face gener\u00e1cie.<\/li>\r\n<li>\r\n<p>Vodn\u00fa bezpe\u010dnos\u0165 regi\u00f3nu, \u00farodnos\u0165 p\u00f4dy, biodiverzitu a hospod\u00e1rsku odolnos\u0165 mo\u017eno dosiahnu\u0165 pochopen\u00edm hodnoty integrovan\u00e9ho hospod\u00e1renia s p\u00f4dou a vodou a hodnoty zr\u00e1\u017eok, ktor\u00e9 nap\u013a\u0148aj\u00fa podzemn\u00e9 vody a ekosyst\u00e9my vo vidieckych a mestsk\u00fdch oblastiach. Ekologiz\u00e1cia vidieka a ekologiz\u00e1cia miest z\u00e1vis\u00ed od vody. Zadr\u017eiavanie da\u017e\u010fovej vody na mieste, kde spadne, alebo umo\u017enenie jej lok\u00e1lneho zdr\u017eiavania je prvorad\u00e9 pre dop\u013a\u0148anie podzemn\u00fdch v\u00f4d a dostato\u010dn\u00e9 z\u00e1sobovanie vodou.<\/p>\r\n<\/li>\r\n<\/ol>\r\n<p>Z\u00e1ver:<\/p>\r\n<p>Koncepcia obnovy krajiny Ko\u0161ick\u00e9ho kraja je navrhnut\u00e1 tak, aby sa zv\u00fd\u0161ila a posilnila kapacita vodn\u00fdch z\u00e1sob v celom rozsahu. Zadr\u017ean\u00e1 da\u017e\u010fov\u00e1 voda m\u00e1 schopnos\u0165 obnovova\u0165 po\u0161koden\u00e9 lesy a zavla\u017eova\u0165 po\u013enohospod\u00e1rsku a urbanizovan\u00fa krajinu. Da\u017e\u010fov\u00e1 voda, ktor\u00e1 v s\u00fa\u010dasnosti odtek\u00e1 bez \u00fa\u017eitku, by mala prednostne vsakova\u0165 do p\u00f4dy, \u010d\u00edm sa obnovia a posilnia z\u00e1soby podzemn\u00fdch v\u00f4d. Naplnen\u00e9 vodonosn\u00e9 vrstvy dodaj\u00fa dostatok vlahy pre veget\u00e1ciu a umo\u017enia odparovanie, ktor\u00e9 od\u010derp\u00e1va teplo z prehriateho zemsk\u00e9ho povrchu do vy\u0161\u0161\u00edch chladnej\u0161\u00edch vrstiev atmosf\u00e9ry. N\u00e1sledne zadr\u017ean\u00e1 da\u017e\u010fov\u00e1 voda posil\u0148uje termoregul\u00e1ciu p\u00f4dy, zabezpe\u010duje ukladanie uhl\u00edka z atmosf\u00e9ry do biomasy a p\u00f4dy prostredn\u00edctvom fotosynt\u00e9zy a zabra\u0148uje trvalej degrad\u00e1cii p\u00f4dy.<\/p>\r\n<p>Komplexn\u00fd 117-stranov\u00fd Pl\u00e1n obnovy krajiny Ko\u0161ick\u00e9ho kraja hodnot\u00ed a sumarizuje vplyv viacer\u00fdch opatren\u00ed v oblasti p\u00f4dohospod\u00e1rstva, ktor\u00e9 je potrebn\u00e9 vybudova\u0165 na dosiahnutie obnovy zelene. Pl\u00e1n predpoklad\u00e1 realiz\u00e1ciu 59,63 mil. m3 vodoz\u00e1dr\u017en\u00fdch opatren\u00ed v Ko\u0161ickom kraji, ktor\u00e9 cyklicky zadr\u017eia v\u0161etky zr\u00e1\u017ekov\u00e9 vody do 60 mm. Projekty obnovy s\u00fa organizovan\u00e9 pod\u013ea krajov a s\u00fa navrhnut\u00e9 samostatne pre jednotliv\u00e9 krajinn\u00e9 \u0161trukt\u00fary, ako s\u00fa orn\u00e1 p\u00f4da, vinice, z\u00e1hrady, sady, trval\u00e9 tr\u00e1vniky a l\u00faky, lesy, povrchov\u00e9 sladk\u00e9 vody a, zastavan\u00e9 mestsk\u00e9 oblasti. Ka\u017ed\u00fd syst\u00e9m si vy\u017eaduje in\u00fd typ realizovan\u00e9ho opatrenia. Navrhovan\u00e1 transform\u00e1cia krajiny presahuje v s\u00fa\u010dasnosti dostupn\u00e9 osnovy spolo\u010dnej po\u013enohospod\u00e1rskej politiky Eur\u00f3pskej \u00fanie (SPP).<\/p>\r\n<p>&nbsp;<\/p>[\/et_pb_text][et_pb_video src=&#8221;https:\/\/www.waterholistic.com\/wp-content\/uploads\/2023\/12\/H.E.R.-VIE-HTML5.mp4&#8243; _builder_version=&#8221;4.9.0&#8243; _module_preset=&#8221;default&#8221;][\/et_pb_video][\/et_pb_column][\/et_pb_row][\/et_pb_section]\n\n","protected":false},"excerpt":{"rendered":"","protected":false},"author":7,"featured_media":2141,"comment_status":"open","ping_status":"closed","sticky":false,"template":"","format":"standard","meta":{"_et_pb_use_builder":"on","_et_pb_old_content":"","_et_gb_content_width":"","_editorskit_title_hidden":false,"_editorskit_reading_time":0,"_editorskit_is_block_options_detached":false,"_editorskit_block_options_position":"{}","_monsterinsights_skip_tracking":false,"_monsterinsights_sitenote_active":false,"_monsterinsights_sitenote_note":"","_monsterinsights_sitenote_category":0},"categories":[1],"tags":[],"yoast_head":"<!-- This site is optimized with the Yoast SEO plugin v15.8 - https:\/\/yoast.com\/wordpress\/plugins\/seo\/ -->\n<title>Pl\u00e1n obnovy pre Ko\u0161ick\u00fd kraj | Blog | waterholistic.com<\/title>\n<meta name=\"description\" content=\"Pl\u00e1n obnovy krajiny Ko\u0161ick\u00e9ho kraja je zameran\u00fd na obnovu krajiny a revitaliz\u00e1ciu vodn\u00fdch zdrojov a povod\u00ed.\" \/>\n<meta name=\"robots\" content=\"index, follow, max-snippet:-1, max-image-preview:large, max-video-preview:-1\" \/>\n<link rel=\"canonical\" href=\"https:\/\/www.waterholistic.com\/sk\/2023\/12\/11\/plan-obnovy-pre-kosicky-kraj\/\" \/>\n<meta property=\"og:locale\" content=\"sk_SK\" \/>\n<meta property=\"og:type\" content=\"article\" \/>\n<meta property=\"og:title\" content=\"Pl\u00e1n obnovy pre Ko\u0161ick\u00fd kraj | Blog | waterholistic.com\" \/>\n<meta property=\"og:description\" content=\"Pl\u00e1n obnovy krajiny Ko\u0161ick\u00e9ho kraja je zameran\u00fd na obnovu krajiny a revitaliz\u00e1ciu vodn\u00fdch zdrojov a povod\u00ed.\" \/>\n<meta property=\"og:url\" content=\"https:\/\/www.waterholistic.com\/sk\/2023\/12\/11\/plan-obnovy-pre-kosicky-kraj\/\" \/>\n<meta property=\"og:site_name\" content=\"waterholistic.com\" \/>\n<meta property=\"article:published_time\" content=\"2023-12-11T19:27:59+00:00\" \/>\n<meta property=\"article:modified_time\" content=\"2024-02-01T14:27:24+00:00\" \/>\n<meta property=\"og:image\" content=\"https:\/\/www.waterholistic.com\/wp-content\/uploads\/2023\/01\/rotorKSK-EN-scaled-1.jpg\" \/>\n\t<meta property=\"og:image:width\" content=\"2560\" \/>\n\t<meta property=\"og:image:height\" content=\"1809\" \/>\n<meta name=\"twitter:card\" content=\"summary_large_image\" \/>\n<meta name=\"twitter:label1\" content=\"Predpokladan\u00fd \u010das \u010d\u00edtania\">\n\t<meta name=\"twitter:data1\" content=\"9 min\u00fat\">\n<script type=\"application\/ld+json\" class=\"yoast-schema-graph\">{\"@context\":\"https:\/\/schema.org\",\"@graph\":[{\"@type\":\"WebSite\",\"@id\":\"https:\/\/www.waterholistic.com\/#website\",\"url\":\"https:\/\/www.waterholistic.com\/\",\"name\":\"waterholistic.com\",\"description\":\"Manage rainwater efficiently, protect yourself from extreme weather and save money.\",\"potentialAction\":[{\"@type\":\"SearchAction\",\"target\":\"https:\/\/www.waterholistic.com\/?s={search_term_string}\",\"query-input\":\"required name=search_term_string\"}],\"inLanguage\":\"sk-SK\"},{\"@type\":\"ImageObject\",\"@id\":\"https:\/\/www.waterholistic.com\/sk\/2023\/12\/11\/plan-obnovy-pre-kosicky-kraj\/#primaryimage\",\"inLanguage\":\"sk-SK\",\"url\":\"https:\/\/www.waterholistic.com\/wp-content\/uploads\/2023\/01\/rotorKSK-EN-scaled-1.jpg\",\"width\":2560,\"height\":1809,\"caption\":\"pl\\u00e1n obnovy\"},{\"@type\":\"WebPage\",\"@id\":\"https:\/\/www.waterholistic.com\/sk\/2023\/12\/11\/plan-obnovy-pre-kosicky-kraj\/#webpage\",\"url\":\"https:\/\/www.waterholistic.com\/sk\/2023\/12\/11\/plan-obnovy-pre-kosicky-kraj\/\",\"name\":\"Pl\\u00e1n obnovy pre Ko\\u0161ick\\u00fd kraj | Blog | waterholistic.com\",\"isPartOf\":{\"@id\":\"https:\/\/www.waterholistic.com\/#website\"},\"primaryImageOfPage\":{\"@id\":\"https:\/\/www.waterholistic.com\/sk\/2023\/12\/11\/plan-obnovy-pre-kosicky-kraj\/#primaryimage\"},\"datePublished\":\"2023-12-11T19:27:59+00:00\",\"dateModified\":\"2024-02-01T14:27:24+00:00\",\"author\":{\"@id\":\"https:\/\/www.waterholistic.com\/#\/schema\/person\/1eb2adb8cb11ff12a7069179268ef30d\"},\"description\":\"Pl\\u00e1n obnovy krajiny Ko\\u0161ick\\u00e9ho kraja je zameran\\u00fd na obnovu krajiny a revitaliz\\u00e1ciu vodn\\u00fdch zdrojov a povod\\u00ed.\",\"breadcrumb\":{\"@id\":\"https:\/\/www.waterholistic.com\/sk\/2023\/12\/11\/plan-obnovy-pre-kosicky-kraj\/#breadcrumb\"},\"inLanguage\":\"sk-SK\",\"potentialAction\":[{\"@type\":\"ReadAction\",\"target\":[\"https:\/\/www.waterholistic.com\/sk\/2023\/12\/11\/plan-obnovy-pre-kosicky-kraj\/\"]}]},{\"@type\":\"BreadcrumbList\",\"@id\":\"https:\/\/www.waterholistic.com\/sk\/2023\/12\/11\/plan-obnovy-pre-kosicky-kraj\/#breadcrumb\",\"itemListElement\":[{\"@type\":\"ListItem\",\"position\":1,\"item\":{\"@type\":\"WebPage\",\"@id\":\"https:\/\/www.waterholistic.com\/sk\/\",\"url\":\"https:\/\/www.waterholistic.com\/sk\/\",\"name\":\"Home\"}},{\"@type\":\"ListItem\",\"position\":2,\"item\":{\"@type\":\"WebPage\",\"@id\":\"https:\/\/www.waterholistic.com\/sk\/2023\/12\/11\/plan-obnovy-pre-kosicky-kraj\/\",\"url\":\"https:\/\/www.waterholistic.com\/sk\/2023\/12\/11\/plan-obnovy-pre-kosicky-kraj\/\",\"name\":\"Pl\\u00e1n obnovy pre Ko\\u0161ick\\u00fd kraj\"}}]},{\"@type\":\"Person\",\"@id\":\"https:\/\/www.waterholistic.com\/#\/schema\/person\/1eb2adb8cb11ff12a7069179268ef30d\",\"name\":\"Michal Krav\\u010d\\u00edk\",\"image\":{\"@type\":\"ImageObject\",\"@id\":\"https:\/\/www.waterholistic.com\/#personlogo\",\"inLanguage\":\"sk-SK\",\"url\":\"https:\/\/secure.gravatar.com\/avatar\/dacd3110f19eb3e66d4c80f1957ae747?s=96&d=mm&r=g\",\"caption\":\"Michal Krav\\u010d\\u00edk\"}}]}<\/script>\n<!-- \/ Yoast SEO plugin. -->","_links":{"self":[{"href":"https:\/\/www.waterholistic.com\/sk\/wp-json\/wp\/v2\/posts\/7103"}],"collection":[{"href":"https:\/\/www.waterholistic.com\/sk\/wp-json\/wp\/v2\/posts"}],"about":[{"href":"https:\/\/www.waterholistic.com\/sk\/wp-json\/wp\/v2\/types\/post"}],"author":[{"embeddable":true,"href":"https:\/\/www.waterholistic.com\/sk\/wp-json\/wp\/v2\/users\/7"}],"replies":[{"embeddable":true,"href":"https:\/\/www.waterholistic.com\/sk\/wp-json\/wp\/v2\/comments?post=7103"}],"version-history":[{"count":6,"href":"https:\/\/www.waterholistic.com\/sk\/wp-json\/wp\/v2\/posts\/7103\/revisions"}],"predecessor-version":[{"id":7789,"href":"https:\/\/www.waterholistic.com\/sk\/wp-json\/wp\/v2\/posts\/7103\/revisions\/7789"}],"wp:featuredmedia":[{"embeddable":true,"href":"https:\/\/www.waterholistic.com\/sk\/wp-json\/wp\/v2\/media\/2141"}],"wp:attachment":[{"href":"https:\/\/www.waterholistic.com\/sk\/wp-json\/wp\/v2\/media?parent=7103"}],"wp:term":[{"taxonomy":"category","embeddable":true,"href":"https:\/\/www.waterholistic.com\/sk\/wp-json\/wp\/v2\/categories?post=7103"},{"taxonomy":"post_tag","embeddable":true,"href":"https:\/\/www.waterholistic.com\/sk\/wp-json\/wp\/v2\/tags?post=7103"}],"curies":[{"name":"wp","href":"https:\/\/api.w.org\/{rel}","templated":true}]}}